{"id":4104,"date":"2026-01-12T13:07:37","date_gmt":"2026-01-12T12:07:37","guid":{"rendered":"http:\/\/psp7.zagan.pl\/?p=4104"},"modified":"2026-01-12T14:55:01","modified_gmt":"2026-01-12T13:55:01","slug":"rejonowy-konkurs-jezyka-polskiego","status":"publish","type":"post","link":"http:\/\/psp7.zagan.pl\/index.php\/2026\/01\/12\/rejonowy-konkurs-jezyka-polskiego\/","title":{"rendered":"Rejonowy Konkurs J\u0119zyka Polskiego"},"content":{"rendered":"<p><strong>\u00a0 \u00a0 \u00a0 \u00a0 \u00a0 \u00a0 \u00a0 \u00a0 \u00a0 \u00a0 \u00a0 \u00a0 \u00a0 \u00a0 \u00a0 \u00a0 \u00a0 \u00a0 \u00a0 \u00a0 \u00a0 \u00a0 \u00a0 \u00a0 W \u017caga\u0144skiej \u201esi\u00f3demce\u201d 13 stycznia 2026 o godz.13.00<\/strong><\/p>\n<p><strong>\u00a0 \u00a0 \u00a0 \u00a0 \u00a0 \u00a0 \u00a0 \u00a0 \u00a0 \u00a0 \u00a0 \u00a0 \u00a0 \u00a0 \u00a0 \u00a0 \u00a0 \u00a0 164 uczennic i uczni\u00f3w szk\u00f3\u0142 podstawowych powiatu \u017caga\u0144skiego i \u017carskiego<\/strong><\/p>\n<p><strong>przyst\u0105pi do Rejonowego Konkursu J\u0119zyka Polskiego , kt\u00f3rego organizatorem jest Lubuski Kurator O\u015bwiaty.<\/strong><\/p>\n<p><strong>\u00a0 \u00a0 \u00a0 \u00a0 \u00a0 \u00a0 \u00a0 \u00a0 \u00a0 \u00a0 \u00a0 \u00a0 \u00a0 \u00a0 \u00a0 \u00a0 \u00a0 \u00a0 \u00a0 \u00a0 \u00a0 \u00a0 \u00a0 \u00a0 \u00a0 \u00a0 \u00a0 \u00a0 \u00a0 \u00a0 \u00a0 \u00a0 \u00a0 \u00a0 \u00a0 \u00a0 \u00a0 \u00a0 \u00a0 \u00a0 \u00a0 \u00a0 \u00a0 \u00a0 \u00a0 \u00a0 \u00a0 \u00a0 \u00a0 \u00a0 \u00a0 \u00a0 \u00a0 \u00a0 \u00a0 \u017byczymy powodzenia!\u00a0\u00a0\u00a0 <\/strong><\/p>\n<p><strong>\u00a0 \u00a0 \u00a0 \u00a0 \u00a0 \u00a0 \u00a0 \u00a0 \u00a0 \u00a0 \u00a0 \u00a0 \u00a0 \u00a0 \u00a0 \u00a0 \u00a0 \u00a0 \u00a0 \u00a0 \u00a0 \u00a0 \u00a0 \u00a0 \u00a0 \u00a0 \u00a0 \u00a0 \u00a0 \u00a0 \u00a0 \u00a0 \u00a0 \u00a0 \u00a0 \u00a0 \u00a0 \u00a0 \u00a0 \u00a0 \u00a0 \u00a0 \u00a0 \u00a0 \u00a0 \u00a0 \u00a0 \u00a0 \u00a0 \u00a0 \u00a0 \u00a0 \u00a0 \u00a0 \u00a0 \u00a0 \u00a0 \u00a0 \u00a0 \u00a0 \u00a0 \u00a0 \u00a0 \u00a0 \u00a0 Halina Pilarczyk-Przewodnicz\u0105ca konkursu<\/strong><\/p>\n<p>&nbsp;<\/p>\n","protected":false},"excerpt":{"rendered":"<p>\u00a0 \u00a0 \u00a0 \u00a0 \u00a0 \u00a0 \u00a0 \u00a0 \u00a0 \u00a0 \u00a0 \u00a0 \u00a0 \u00a0 \u00a0 \u00a0 \u00a0 \u00a0 \u00a0 \u00a0 \u00a0 \u00a0 \u00a0 \u00a0 W \u017caga\u0144skiej \u201esi\u00f3demce\u201d 13 stycznia 2026 o godz.13.00 \u00a0 \u00a0 \u00a0 \u00a0 \u00a0 \u00a0 \u00a0 \u00a0 \u00a0 \u00a0 \u00a0 \u00a0 \u00a0 \u00a0 \u00a0 \u00a0 \u00a0 \u00a0 164 uczennic i uczni\u00f3w szk\u00f3\u0142 [&hellip;]<\/p>\n","protected":false},"author":1,"featured_media":4102,"comment_status":"closed","ping_status":"closed","sticky":false,"template":"","format":"standard","meta":[],"categories":[1],"tags":[],"_links":{"self":[{"href":"http:\/\/psp7.zagan.pl\/index.php\/wp-json\/wp\/v2\/posts\/4104"}],"collection":[{"href":"http:\/\/psp7.zagan.pl\/index.php\/wp-json\/wp\/v2\/posts"}],"about":[{"href":"http:\/\/psp7.zagan.pl\/index.php\/wp-json\/wp\/v2\/types\/post"}],"author":[{"embeddable":true,"href":"http:\/\/psp7.zagan.pl\/index.php\/wp-json\/wp\/v2\/users\/1"}],"replies":[{"embeddable":true,"href":"http:\/\/psp7.zagan.pl\/index.php\/wp-json\/wp\/v2\/comments?post=4104"}],"version-history":[{"count":3,"href":"http:\/\/psp7.zagan.pl\/index.php\/wp-json\/wp\/v2\/posts\/4104\/revisions"}],"predecessor-version":[{"id":4111,"href":"http:\/\/psp7.zagan.pl\/index.php\/wp-json\/wp\/v2\/posts\/4104\/revisions\/4111"}],"wp:featuredmedia":[{"embeddable":true,"href":"http:\/\/psp7.zagan.pl\/index.php\/wp-json\/wp\/v2\/media\/4102"}],"wp:attachment":[{"href":"http:\/\/psp7.zagan.pl\/index.php\/wp-json\/wp\/v2\/media?parent=4104"}],"wp:term":[{"taxonomy":"category","embeddable":true,"href":"http:\/\/psp7.zagan.pl\/index.php\/wp-json\/wp\/v2\/categories?post=4104"},{"taxonomy":"post_tag","embeddable":true,"href":"http:\/\/psp7.zagan.pl\/index.php\/wp-json\/wp\/v2\/tags?post=4104"}],"curies":[{"name":"wp","href":"https:\/\/api.w.org\/{rel}","templated":true}]}}